{"id":3053,"date":"2019-02-03T11:46:59","date_gmt":"2019-02-03T16:46:59","guid":{"rendered":"http:\/\/www.salfass.org\/sportas\/?p=3053"},"modified":"2019-02-03T11:46:59","modified_gmt":"2019-02-03T16:46:59","slug":"didziausiam-eksponatui-prireike-net-krano","status":"publish","type":"post","link":"http:\/\/www.salfass.org\/sportas\/didziausiam-eksponatui-prireike-net-krano\/","title":{"rendered":"Did\u017eiausiam eksponatui prireik\u0117 net krano"},"content":{"rendered":"<p>Lietuvos krep\u0161inio muziejaus Joni\u0161kyje sien\u0105 papuo\u0161\u0117 daugiau nei trij\u0173 metr\u0173 skersmens ir beveik 400 kg sveriantis paminklas Lietuvos \u0161imtme\u010diui.<\/p>\n<p><a href=\"http:\/\/www.salfass.org\/sportas\/wp-content\/uploads\/krepsinis19.jpg\"><img loading=\"lazy\" decoding=\"async\" class=\"size-full wp-image-3054 aligncenter\" src=\"http:\/\/www.salfass.org\/sportas\/wp-content\/uploads\/krepsinis19.jpg\" alt=\"\" width=\"640\" height=\"425\" srcset=\"http:\/\/www.salfass.org\/sportas\/wp-content\/uploads\/krepsinis19.jpg 640w, http:\/\/www.salfass.org\/sportas\/wp-content\/uploads\/krepsinis19-300x199.jpg 300w\" sizes=\"auto, (max-width: 640px) 100vw, 640px\" \/><\/a><\/p>\n<p>\u0160iemet savo de\u0161imtmet\u012f \u0161v\u0119siantis Joni\u0161kyje esantis Lietuvos krep\u0161inio muziejus \u0161iandien pasipild\u0117 did\u017eiausiu savo eksponatu. Muziejaus \u012f\u0117jimo sien\u0105 papuo\u0161\u0117 daugiau nei trij\u0173 metr\u0173 skersmens ir beveik puston\u012f sveriantis Lietuvos \u0161imtme\u010dio paminklas.<\/p>\n<p>\u0160ios id\u0117jos sumanytojas ir muziejaus direktorius bei \u012fk\u016br\u0117jas Leonas Karali\u016bnas atviravo, kad \u012ftaisyti tokio dyd\u017eio paminkl\u0105 ant muziejaus sienos buvo nepaprastai sud\u0117tinga.<\/p>\n<p>&#8220;Dirbome beveik tris paras, reik\u0117jo ir krano, ir bok\u0161teli\u0173. Paskutin\u012f vakar\u0105, sausio 14-\u0105j\u0105, darbus baig\u0117me iki vidurnak\u010dio likus pusvaland\u017eiui&#8221;, &#8211; pasakojo krep\u0161inio entuziastas.<\/p>\n<p>Eksponat\u0105 suk\u016br\u0117 menininkai i\u0161 \u0160iauli\u0173 &#8211; Rimas Navickas ir jo pagalbininkas Eduardas Kaltanas, o paminklo atidaryme be \u0160auli\u0173 s\u0105jungos nari\u0173, policijos pareig\u016bn\u0173, Joni\u0161kio rajono savivaldyb\u0117s \u0161vietimo ir sporto skyriaus darbuotoj\u0173 dalyvavo ir 2003-iaisiais \u012f Europos krep\u0161inio sost\u0105 Lietuvos rinktin\u0119 atved\u0119s Antanas Sireika.<\/p>\n<p>&#8220;Esu t\u016bkstan\u010diu procent\u0173 \u012fsitikin\u0119s, kad Lietuv\u0105 i\u0161garsino tik krep\u0161inis. Ne Darius ir Gir\u0117nas ar dar kas nors, bet krep\u0161inis. Tik v\u0117liau atsirado Romas Ubartas, R\u016bta Meilutyt\u0117, Virgilijus Alekna ir kiti, o iki tol m\u016bs\u0173 \u0161al\u012f visi \u017einojo tik d\u0117l krep\u0161inio. Tod\u0117l ir \u0161alies \u0161imtmet\u012f nor\u0117jau \u012fam\u017einti su paminklu krep\u0161iniui vieninteliame Lietuvoje krep\u0161inio muziejuje&#8221;, &#8211; teig\u0117 L. Karali\u016bnas.<\/p>\n<p>Ant \u0161imtme\u010dio paminklo i\u0161graviruota trylika svarbiausi\u0173 m\u016bs\u0173 \u0161alies krep\u0161inio pergali\u0173: 1937, 1939 ir 2003-\u0173j\u0173 pergal\u0117s Europos vyr\u0173 krep\u0161inio \u010dempionate, 1997-\u0173j\u0173 triumfas Europos moter\u0173 krep\u0161inio \u010dempionate ir 1938-aisiais laim\u0117ti sidabro medaliai, 1995, 2013 ir 2015-aisiais i\u0161kovoti Europos vyr\u0173 krep\u0161inio \u010dempionato sidabro medaliai, 2007-aisiais &#8211; bronzos medaliai Europos vyr\u0173 krep\u0161inio \u010dempionate, 1992, 1996 ir 2000 olimpin\u0117 bronza ir 2010-aisiais laim\u0117ti bronzos medaliai pasaulio vyr\u0173 krep\u0161inio \u010dempionate.<\/p>\n","protected":false},"excerpt":{"rendered":"<p>Lietuvos krep\u0161inio muziejaus Joni\u0161kyje sien\u0105 papuo\u0161\u0117 daugiau nei trij\u0173 metr\u0173 skersmens ir beveik 400 kg sveriantis paminklas Lietuvos \u0161imtme\u010diui. \u0160iemet savo de\u0161imtmet\u012f \u0161v\u0119siantis Joni\u0161kyje esantis Lietuvos krep\u0161inio muziejus \u0161iandien pasipild\u0117 did\u017eiausiu savo eksponatu. Muziejaus \u012f\u0117jimo sien\u0105 papuo\u0161\u0117 daugiau nei trij\u0173 metr\u0173 skersmens ir beveik puston\u012f sveriantis Lietuvos \u0161imtme\u010dio paminklas. \u0160ios id\u0117jos sumanytojas ir muziejaus direktorius &hellip; <\/p>\n<p><a class=\"more-link btn\" href=\"http:\/\/www.salfass.org\/sportas\/didziausiam-eksponatui-prireike-net-krano\/\">Continue reading &raquo;<\/a><\/p>\n","protected":false},"author":4,"featured_media":0,"comment_status":"closed","ping_status":"closed","sticky":false,"template":"","format":"standard","meta":{"_monsterinsights_skip_tracking":false,"_monsterinsights_sitenote_active":false,"_monsterinsights_sitenote_note":"","_monsterinsights_sitenote_category":0,"footnotes":""},"categories":[3],"tags":[],"class_list":["post-3053","post","type-post","status-publish","format-standard","hentry","category-krepsinis","nodate","item-wrap"],"jetpack_featured_media_url":"","_links":{"self":[{"href":"http:\/\/www.salfass.org\/sportas\/wp-json\/wp\/v2\/posts\/3053","targetHints":{"allow":["GET"]}}],"collection":[{"href":"http:\/\/www.salfass.org\/sportas\/wp-json\/wp\/v2\/posts"}],"about":[{"href":"http:\/\/www.salfass.org\/sportas\/wp-json\/wp\/v2\/types\/post"}],"author":[{"embeddable":true,"href":"http:\/\/www.salfass.org\/sportas\/wp-json\/wp\/v2\/users\/4"}],"replies":[{"embeddable":true,"href":"http:\/\/www.salfass.org\/sportas\/wp-json\/wp\/v2\/comments?post=3053"}],"version-history":[{"count":1,"href":"http:\/\/www.salfass.org\/sportas\/wp-json\/wp\/v2\/posts\/3053\/revisions"}],"predecessor-version":[{"id":3055,"href":"http:\/\/www.salfass.org\/sportas\/wp-json\/wp\/v2\/posts\/3053\/revisions\/3055"}],"wp:attachment":[{"href":"http:\/\/www.salfass.org\/sportas\/wp-json\/wp\/v2\/media?parent=3053"}],"wp:term":[{"taxonomy":"category","embeddable":true,"href":"http:\/\/www.salfass.org\/sportas\/wp-json\/wp\/v2\/categories?post=3053"},{"taxonomy":"post_tag","embeddable":true,"href":"http:\/\/www.salfass.org\/sportas\/wp-json\/wp\/v2\/tags?post=3053"}],"curies":[{"name":"wp","href":"https:\/\/api.w.org\/{rel}","templated":true}]}}