{"id":3092,"date":"2019-05-21T12:33:30","date_gmt":"2019-05-21T17:33:30","guid":{"rendered":"http:\/\/www.salfass.org\/sportas\/?p=3092"},"modified":"2019-05-21T12:33:30","modified_gmt":"2019-05-21T17:33:30","slug":"pasaulio-lietuviu-begimas-2019","status":"publish","type":"post","link":"http:\/\/www.salfass.org\/sportas\/pasaulio-lietuviu-begimas-2019\/","title":{"rendered":"PASAULIO LIETUVI\u0172 B\u0116GIMAS 2019"},"content":{"rendered":"<p><a href=\"http:\/\/www.salfass.org\/sportas\/wp-content\/uploads\/begimas-2019-1-1.jpg\"><img loading=\"lazy\" decoding=\"async\" class=\"size-full wp-image-3096 aligncenter\" src=\"http:\/\/www.salfass.org\/sportas\/wp-content\/uploads\/begimas-2019-1-1.jpg\" alt=\"\" width=\"1289\" height=\"293\" srcset=\"http:\/\/www.salfass.org\/sportas\/wp-content\/uploads\/begimas-2019-1-1.jpg 1289w, http:\/\/www.salfass.org\/sportas\/wp-content\/uploads\/begimas-2019-1-1-300x68.jpg 300w, http:\/\/www.salfass.org\/sportas\/wp-content\/uploads\/begimas-2019-1-1-768x175.jpg 768w, http:\/\/www.salfass.org\/sportas\/wp-content\/uploads\/begimas-2019-1-1-1024x233.jpg 1024w\" sizes=\"auto, (max-width: 1289px) 100vw, 1289px\" \/><\/a><\/p>\n<p><strong><em>PASAULIO LIETUVI\u0172 B\u0116GIMAS 2019<\/em><\/strong><\/p>\n<p><strong>Citadele Kauno Maratonas 2019<\/strong>\u00a0ir\u00a0lietuvius visame pasaulyje vienijanti visuomenin\u0117 nepolitin\u0117 organizacija\u00a0<strong>Pasaulio Lietuvi\u0173 Bendruomen\u0117\u00a0<\/strong>kvie\u010dia pasaulio lietuvius, j\u0173 \u0161eimas bei draugus bir\u017eelio 9-t\u0105 dien\u0105 dalyvauti jungtin\u0117je iniciatyvoje \u2013 <strong>Pasaulio Lietuvi\u0173 B\u0117gimas<\/strong>. \u0160iais metais b\u0117gimas skiriamas\u00a0Pasaulio lietuvi\u0173 metams\u00a0pamin\u0117ti. Tad kvie\u010diame tai \u0161v\u0119sti aktyviai!<\/p>\n<p>2019-tais metais minimas Lietuvi\u0173 Chartos 70-metis, tod\u0117l Lietuvos Seimas paskelb\u0117 \u0161iuos metus Pasaulio lietuvi\u0173 metais. Istorin\u0117 Lietuvi\u0173 Charta, \u012fsteigusi Pasaulio Lietuvi\u0173 Bendruomen\u0119 (PLB), \u012fpareigojo vienyti visus u\u017e Lietuvos rib\u0173 gyvenan\u010dius lietuvius, siekti i\u0161laikyti, kurti bei ugdyti lietuvi\u0173 tautos gyvast\u012f: jos kalb\u0105, kult\u016br\u0105, papro\u010dius, tradicijas, ir remti Nepriklausomos Lietuvos valstyb\u0119. <strong>Citadele Kauno Maratonas 2019 kvie\u010dia Pasaulio lietuvius kartu prab\u0117gti!<\/strong><\/p>\n<p><strong>Bir\u017eelio 9-t\u0105 dien<\/strong><strong>\u0105<\/strong> mus visus vienys b\u0117gimas. B\u0117gsime kartu su viso Pasaulio lietuviais, o labiausiai m\u016bs\u0173 palaikym\u0105 jaus apie 5000 b\u0117gik\u0173 Kaune, kurie t\u0105dien b\u0117gs Citadele Kauno maratone. Si\u016blome \u012fveikti sau patogi\u0105 distancij\u0105 nuo 100 m iki keli\u0173 ar keliasde\u0161imt kilometr\u0173. Taip pat galite rinktis \u012fveikti jau tradicija tapusias distancijas: 5 km distancij\u0105 kuo spalvingiau, o i\u0161tverminguosius b\u0117gikus &#8211; 10 km, pus\u0119 maratono 21 km, ar net maraton\u0105 42 km. Nepamir\u0161kite ir ma\u017e\u0173j\u0173, jie tikrai \u012fveiks 1,5 km distancij\u0105 \u0160eim\u0173 b\u0117gime.<\/p>\n<p>Mes tikim\u0117s, kad j\u016bs gerai praleisite laik\u0105 kartu su bendramin\u010diais, pasieksite asmenini\u0173 rekord\u0173 ir visu tuo pasidalinsite su mumis. Labai lauksime vaizdin\u0117s med\u017eiagos i\u0161 renginio dienos. Viskuo, k\u0105 atsi\u0173site mums, mes pasidalinsime Kauno maratono svetain\u0117je ir Facebook puslapyje.<\/p>\n<p><a href=\"http:\/\/www.salfass.org\/sportas\/wp-content\/uploads\/begimas-2019.jpg\"><img loading=\"lazy\" decoding=\"async\" class=\"size-full wp-image-3093 aligncenter\" src=\"http:\/\/www.salfass.org\/sportas\/wp-content\/uploads\/begimas-2019.jpg\" alt=\"\" width=\"800\" height=\"600\" srcset=\"http:\/\/www.salfass.org\/sportas\/wp-content\/uploads\/begimas-2019.jpg 800w, http:\/\/www.salfass.org\/sportas\/wp-content\/uploads\/begimas-2019-300x225.jpg 300w, http:\/\/www.salfass.org\/sportas\/wp-content\/uploads\/begimas-2019-768x576.jpg 768w\" sizes=\"auto, (max-width: 800px) 100vw, 800px\" \/><\/a><\/p>\n<p>&nbsp;<\/p>\n<p><strong>Kas gali dalyvauti<\/strong><strong>?<\/strong><\/p>\n<p>B\u0117gimas yra skirtas u\u017esienyje gyvenantiems lietuviams ir j\u0173 \u0161eim\u0173 nariams bei draugams. Dalyvio reikalavim\u0173 n\u0117ra, tad i\u0161 esm\u0117s b\u0117gime gali dalyvauti kas tik nori.\u00a0<strong>Bir\u017eelio 9 d. b\u0117gimas vyks visame pasaulyje<\/strong>. Skatiname pasitikrinti sveikat\u0105 ir atsakingai pasirinkti b\u0117gimo tr\u0105s\u0105.<\/p>\n<p><strong>REGISTRACIJA<\/strong><\/p>\n<p><strong>Organizatoriams (ambasadoriams): <\/strong>\u0160iemet visi miest\u0173 ambasadoriai\/b\u0117gimo organizatoriai turi u\u017esiregistruoti pirmieji, nes tik \u0161itaip atsiras j\u016bs\u0173 miestas\/vietov\u0117 Pasaulio lietuvi\u0173 b\u0117gimo registracijoje. Pra\u0161ome atsi\u0173sti <a href=\"mailto:run@kmk.lt\">run@kmk.lt<\/a> informacij\u0105 apie save:<\/p>\n<p>&nbsp;<\/p>\n<table width=\"648\">\n<tbody>\n<tr>\n<td width=\"72\">\u0160alis<\/td>\n<td width=\"89\">Miestas \/ Vietov\u0117<\/td>\n<td width=\"90\">Vardas Pavard\u0117<\/td>\n<td width=\"99\">El. pa\u0161tas<\/td>\n<td width=\"97\">Adresas siuntos pristatymui (nurodykite pa\u0161to kod\u0105)<\/td>\n<td width=\"81\">Mob. Tel.<\/td>\n<td width=\"121\">Kita kontaktin\u0117 informacija (org. svetain\u0117, facebook ir t.t.)<\/td>\n<\/tr>\n<tr>\n<td width=\"72\"><\/td>\n<td width=\"89\"><\/td>\n<td width=\"90\"><\/td>\n<td width=\"99\"><\/td>\n<td width=\"97\"><\/td>\n<td width=\"81\"><\/td>\n<td width=\"121\"><\/td>\n<\/tr>\n<\/tbody>\n<\/table>\n<p>U\u017epildydami \u0161i\u0105 lentel\u0119 J\u016bs sutinkate, kad \u0161iuos duomenis leid\u017eiate perduoti tretiems asmenims ir naudoti informacijai dalintis Pasaulio Lietuvi\u0173 b\u0117gimui 2019 metams organizuoti. Kontaktin\u0119 informacij\u0105 i\u0161si\u0173sime u\u017esiregistravusiems b\u0117gimui dalyviams, kad gal\u0117t\u0173 su jumis susisiekti.<\/p>\n<p>Visus u\u017esiregistravusius dalyvius gal\u0117site matyti \u010dia: <a href=\"https:\/\/www.kaunasmarathon.lt\/nuotolinis\/dalyviai_nuotolinis\">https:\/\/www.kaunasmarathon.lt\/nuotolinis\/dalyviai_nuotolinis<\/a><\/p>\n<p><strong>B\u0117gikams:<\/strong><br \/>\nDalyvi\u0173 registracija vyks per oficial\u0173 Kauno maratono puslap\u012f. Kiekvienas dalyvis gali registruotis pats, pasirink\u0119s savo miest\u0105\/vietov\u0119, kuriame b\u0117gs. Dalyviui bus i\u0161si\u0173stas automati\u0161kai sugeneruotas lai\u0161kas su to miesto\/vietov\u0117s b\u0117gimo organizatoriaus kontaktine informacija. B\u0117gikai tur\u0117t\u0173 susisiekti su vietiniais koordinatoriais ir toliau bendrauti ir gauti informacij\u0105 d\u0117l b\u0117gimo savo mieste\/vietov\u0117je. Registracijoje neradus savo miesto\/vietov\u0117s, kvie\u010diame pa\u010dius tapti b\u0117gimo organizatoriais ir susisiekti su mumis <a href=\"mailto:run@kmk.lt\">run@kmk.lt<\/a>, kad gal\u0117tume u\u017eregistruoti j\u016bs\u0173 miest\u0105\/vietov\u0119.<\/p>\n<p><strong>Registracija \u012f miestus\/vietoves:<\/strong><\/p>\n<p><a href=\"https:\/\/www.kaunasmarathon.lt\/nuotolinis\/registruoti_nuotolinis\">https:\/\/www.kaunasmarathon.lt\/nuotolinis\/registruoti_nuotolinis<\/a><\/p>\n<p>&nbsp;<\/p>\n<p><strong>\u00a0<\/strong><\/p>\n<p><strong>ATRIBUTIKA<\/p>\n<p><\/strong><\/p>\n<p>Kiekvieno miesto\/vietov\u0117s koordinatorius skatiname pasir\u016bpinti apdovanojimais atskirai. B\u0117gimo organizatoriai suteiks diplom\u0173 ir kitos b\u0117gimo atributikos maketus, kuriuos koordinatoriai gali naudoti pagal poreik\u012f. B\u0117gimo atributik\u0105, diplom\u0173 bei b\u0117gimo numeri\u0173 maketus galima naudoti laisvai. Med\u017eiag\u0105 rasite skyrelyje\u00a0<strong><u><a href=\"https:\/\/www.5uzlietuva.com\/atributika.html\">atributika<\/a><\/u><\/strong>.<\/p>\n<p><strong>MEDALIAI.<\/strong> Registracijos metu, kiekvienas dalyvis gal\u0117s pasirinkti, ar nori gauti medal\u012f. Medalis kainuoja 5 eur, mok\u0117jim\u0105 galim\u0105 atlikti per PayPal. Medalius i\u0161si\u0173sime vietos organizatoriui po \u012fvykusio b\u0117gimo.<\/p>\n<p>&nbsp;<\/p>\n<p><strong>B\u0116GIMO ORGANIZAVIMAS<\/strong><\/p>\n<p>&nbsp;<\/p>\n<ul>\n<li>I\u0161 anksto nusimatykite nuo\u0161alesn\u0119, saugi\u0105 viet\u0105 ir i\u0161simatuokite galim\u0105 tras\u0105. Tam puikiai tinka didesni miesto parkai, papl\u016bdimiai, u\u017emies\u010dio zonos. Rekomenduojame tras\u0105 i\u0161sirinkti be susikirtimo su automobili\u0173 keliais.<\/li>\n<\/ul>\n<p>&nbsp;<\/p>\n<ul>\n<li>Kad b\u016bt\u0173 papras\u010diau, si\u016blome pasiruo\u0161ti 1 ar 2 kilometr\u0173 \u017eiedin\u0119 tras\u0105. Ilgesni\u0173 nuotoli\u0173 b\u0117gikai tiesiog nub\u0117gt\u0173 daugiau rat\u0173.<\/li>\n<\/ul>\n<p>&nbsp;<\/p>\n<ul>\n<li>Trasoje, kas 2,5 ar 5 kilometrus (atsi\u017evelgiant \u012f vietos temperat\u016br\u0105, oro s\u0105lygas) reik\u0117t\u0173 pasir\u016bpinti atsig\u0117rimo vietomis. Kad b\u0117gikai gal\u0117t\u0173 atsigerti vandens ir atsigaivinti.<\/li>\n<\/ul>\n<p>&nbsp;<\/p>\n<ul>\n<li>Prie\u0161 ir po renginio pasidarykite nuotrauk\u0173, vaizdo \u012fra\u0161\u0173 ir jomis pasidalinkite socialiniais tinklais, bei atsi\u0173skite mums.<\/li>\n<\/ul>\n<p>&nbsp;<\/p>\n<ul>\n<li>Patariame matuoti ir b\u0117gik\u0173 laik\u0105. Jei j\u0173 yra nedaug, bendruomen\u0117 pa\u017e\u012fstama, tam u\u017eteks ir papras\u010diausio chronometro ir vieno \u017emogaus, stebin\u010dio laik\u0105. Jei j\u0173 yra daugiau, atsispausdinkite dalyvio numerius ir laik\u0105 fiksuokite pagal juos, pasitelk\u0119 pagalbos.<\/li>\n<\/ul>\n<p>&nbsp;<\/p>\n<ul>\n<li>B\u0117gimo grafin\u0119 med\u017eiag\u0105 (logotipai, diplomai ir kt.) rasite skyrelyje\u00a0<strong><a href=\"https:\/\/www.5uzlietuva.com\/atributika.html\">atributika<\/a><\/strong>.<\/li>\n<\/ul>\n<p>&nbsp;<\/p>\n<ul>\n<li>Organizuodami b\u0117gim\u0105 atsi\u017evelkite \u012f vie\u0161\u0173j\u0173 rengini\u0173 organizavimo reikalavimus j\u016bs\u0173 vietov\u0117je. Da\u017eniausiai negausiems renginiams nuo\u0161alesniuose parkuose ypating\u0173 reikalavim\u0173 n\u0117ra, ta\u010diau yra \u0161ali\u0173\/miest\u0173\/vietovi\u0173, kur reikia informavimo ar leidim\u0173 i\u0161 savivaldos, ar net susimok\u0117ti parko mokes\u010dius.<\/li>\n<\/ul>\n<p>&nbsp;<\/p>\n<p>&nbsp;<\/p>\n<p><strong>\u00a0<\/strong><\/p>\n<p><strong>MEDIJA IR NUOTRAUKOS<\/strong><\/p>\n<p>Pasiruo\u0161imo b\u0117gimui ir pa\u010dio b\u0117gimo \u012fsp\u016bd\u017eiais, nuotraukomis ar filmuota med\u017eiaga kvie\u010diame dalintis socialin\u0117je medijoje: oficialiuose renginio ir \u012fvykio Facebook puslapiuose bei Instagram pa\u017eymint med\u017eiag\u0105 oficialiu Kauno maratono Instagram paskyros vardu @kaunasmarathon bei grota\u017eym\u0117mis: #pasauliolietuviubegimas #pasauliolietuviumetai #nuotoliniskaunomaratonas #PLB #KMK #KaunasMarathon.<\/p>\n<p>\u017dinoma, taip pat galite patalpinti informacij\u0105 ten, kur jums patogiau ir pasidalinti nuoroda.<\/p>\n<p>Po renginio susisieksime su koordinatoriais pra\u0161ydami pasidalinti nuotraukomis bei filmuota med\u017eiaga.<\/p>\n<p><strong>Labai svarbu! Nepamir\u0161kite pasidaryti bendros nuotraukos.<\/strong><\/p>\n<p><strong>\u00a0<\/strong><\/p>\n<p><strong>B\u0116GIK\u0172 KATEGORIJOS<\/strong><\/p>\n<p>Nustatome tris kategorijas: Moterys, Vyrai ir Vaikai (iki 12 met\u0173 imtinai).<\/p>\n","protected":false},"excerpt":{"rendered":"<p>PASAULIO LIETUVI\u0172 B\u0116GIMAS 2019 Citadele Kauno Maratonas 2019\u00a0ir\u00a0lietuvius visame pasaulyje vienijanti visuomenin\u0117 nepolitin\u0117 organizacija\u00a0Pasaulio Lietuvi\u0173 Bendruomen\u0117\u00a0kvie\u010dia pasaulio lietuvius, j\u0173 \u0161eimas bei draugus bir\u017eelio 9-t\u0105 dien\u0105 dalyvauti jungtin\u0117je iniciatyvoje \u2013 Pasaulio Lietuvi\u0173 B\u0117gimas. \u0160iais metais b\u0117gimas skiriamas\u00a0Pasaulio lietuvi\u0173 metams\u00a0pamin\u0117ti. Tad kvie\u010diame tai \u0161v\u0119sti aktyviai! 2019-tais metais minimas Lietuvi\u0173 Chartos 70-metis, tod\u0117l Lietuvos Seimas paskelb\u0117 \u0161iuos metus &hellip; <\/p>\n<p><a class=\"more-link btn\" href=\"http:\/\/www.salfass.org\/sportas\/pasaulio-lietuviu-begimas-2019\/\">Continue reading &raquo;<\/a><\/p>\n","protected":false},"author":4,"featured_media":0,"comment_status":"closed","ping_status":"closed","sticky":false,"template":"","format":"standard","meta":{"_monsterinsights_skip_tracking":false,"_monsterinsights_sitenote_active":false,"_monsterinsights_sitenote_note":"","_monsterinsights_sitenote_category":0,"footnotes":""},"categories":[74],"tags":[],"class_list":["post-3092","post","type-post","status-publish","format-standard","hentry","category-begimas","nodate","item-wrap"],"jetpack_featured_media_url":"","_links":{"self":[{"href":"http:\/\/www.salfass.org\/sportas\/wp-json\/wp\/v2\/posts\/3092","targetHints":{"allow":["GET"]}}],"collection":[{"href":"http:\/\/www.salfass.org\/sportas\/wp-json\/wp\/v2\/posts"}],"about":[{"href":"http:\/\/www.salfass.org\/sportas\/wp-json\/wp\/v2\/types\/post"}],"author":[{"embeddable":true,"href":"http:\/\/www.salfass.org\/sportas\/wp-json\/wp\/v2\/users\/4"}],"replies":[{"embeddable":true,"href":"http:\/\/www.salfass.org\/sportas\/wp-json\/wp\/v2\/comments?post=3092"}],"version-history":[{"count":2,"href":"http:\/\/www.salfass.org\/sportas\/wp-json\/wp\/v2\/posts\/3092\/revisions"}],"predecessor-version":[{"id":3097,"href":"http:\/\/www.salfass.org\/sportas\/wp-json\/wp\/v2\/posts\/3092\/revisions\/3097"}],"wp:attachment":[{"href":"http:\/\/www.salfass.org\/sportas\/wp-json\/wp\/v2\/media?parent=3092"}],"wp:term":[{"taxonomy":"category","embeddable":true,"href":"http:\/\/www.salfass.org\/sportas\/wp-json\/wp\/v2\/categories?post=3092"},{"taxonomy":"post_tag","embeddable":true,"href":"http:\/\/www.salfass.org\/sportas\/wp-json\/wp\/v2\/tags?post=3092"}],"curies":[{"name":"wp","href":"https:\/\/api.w.org\/{rel}","templated":true}]}}